{"id":834,"date":"2016-01-05T12:51:27","date_gmt":"2016-01-05T11:51:27","guid":{"rendered":"http:\/\/aranyj.hu\/?p=834"},"modified":"2016-01-05T12:51:27","modified_gmt":"2016-01-05T11:51:27","slug":"jotekonysagi-adomanygyujtes","status":"publish","type":"post","link":"https:\/\/aranyj.hu\/?p=834","title":{"rendered":"J\u00f3t\u00e9konys\u00e1gi Adom\u00e1nygy\u0171jt\u00e9s"},"content":{"rendered":"<p><img decoding=\"async\" class=\"alignleft\" src=\"http:\/\/aranyj.hu\/wp-content\/uploads\/2016\/01\/218_b.jpg\" alt=\"\" \/><\/p>\n<p class=\"style3\">&#8211;<strong>Az \u00e1rva gyerekek megseg\u00edt\u00e9se<\/strong><\/p>\n<p class=\"style3\">2012. december 10. \u00e9s 18. k\u00f6z\u00f6tt iskol\u00e1nk port\u00e1j\u00e1n a kihelyezett dobozokba lehet elhelyezni \u00a0a m\u00e1r nem sz\u00fcks\u00e9ges gyerek ruhadarabokat, j\u00e1t\u00e9kokat, k\u00f6nyveket \u00e9s \u00e9dess\u00e9geket, melyek a H\u0171v\u00f6sv\u00f6lgyi Gyermekotthon sz\u00e1m\u00e1ra ker\u00fclnek felaj\u00e1nl\u00e1sra.<\/p>\n<p>&#8211;\u00a0<strong>Charity Christmas Party<\/strong><\/p>\n<p>A december 20-\u00e1n 18:00 \u00e9s 22:00 k\u00f6z\u00f6tt az Icons by Bizanc \u00fczletben<br \/>\nmegrendezend\u0151 j\u00f3t\u00e9konys\u00e1gi kar\u00e1csonyi party teljes bev\u00e9tele, a Christmas Party ideje alatt t\u00f6rt\u00e9n\u0151 \u00e9rt\u00e9kes\u00edt\u00e9s 10%-a, a tombol\u00e1b\u00f3l befolyt teljes \u00f6sszeg, az egy\u00e9ni adom\u00e1nyok \u00e9s felaj\u00e1nl\u00e1sok a Madar\u00e1sz utcai Gyermekk\u00f3rh\u00e1z gyermekei r\u00e9sz\u00e9re ker\u00fclnek \u00e1tad\u00e1sra.<\/p>\n<p>Szeress\u00fcnk \u00e9s adjunk egy\u00fctt, hogy azoknak a gyerekeknek a sz\u00edv\u00e9be is egy kis boldogs\u00e1got csemp\u00e9ssz\u00fcnk, akiknek az \u00e9lete sokkal nehezebb, mint a mi\u00e9nk.<\/p>\n<p class=\"style3\">Jelentkezni az esem\u00e9nyre a 13.c-ben, Nagy Zs\u00f3fi\u00e1n\u00e1l lehet.<br \/>\nNagy Zs\u00f3fia\u00a0<a href=\"http:\/\/www.passionforfashion.hu\/\" target=\"_blank\">www.passionforfashion.hu<\/a><\/p>\n<p class=\"style3\">\n","protected":false},"excerpt":{"rendered":"<p>&#8211;Az \u00e1rva gyerekek megseg\u00edt\u00e9se 2012. december 10. \u00e9s 18. k\u00f6z\u00f6tt iskol\u00e1nk port\u00e1j\u00e1n a kihelyezett dobozokba lehet elhelyezni \u00a0a m\u00e1r nem sz\u00fcks\u00e9ges gyerek ruhadarabokat, j\u00e1t\u00e9kokat, k\u00f6nyveket \u00e9s \u00e9dess\u00e9geket, melyek a H\u0171v\u00f6sv\u00f6lgyi Gyermekotthon sz\u00e1m\u00e1ra ker\u00fclnek felaj\u00e1nl\u00e1sra. &#8211;\u00a0Charity Christmas Party A december 20-\u00e1n 18:00 \u00e9s 22:00 k\u00f6z\u00f6tt az Icons by Bizanc \u00fczletben megrendezend\u0151 j\u00f3t\u00e9konys\u00e1gi kar\u00e1csonyi party teljes bev\u00e9tele, [&hellip;]<\/p>\n","protected":false},"author":1,"featured_media":0,"comment_status":"open","ping_status":"open","sticky":false,"template":"","format":"standard","meta":[],"categories":[5],"tags":[],"_links":{"self":[{"href":"https:\/\/aranyj.hu\/index.php?rest_route=\/wp\/v2\/posts\/834"}],"collection":[{"href":"https:\/\/aranyj.hu\/index.php?rest_route=\/wp\/v2\/posts"}],"about":[{"href":"https:\/\/aranyj.hu\/index.php?rest_route=\/wp\/v2\/types\/post"}],"author":[{"embeddable":true,"href":"https:\/\/aranyj.hu\/index.php?rest_route=\/wp\/v2\/users\/1"}],"replies":[{"embeddable":true,"href":"https:\/\/aranyj.hu\/index.php?rest_route=%2Fwp%2Fv2%2Fcomments&post=834"}],"version-history":[{"count":1,"href":"https:\/\/aranyj.hu\/index.php?rest_route=\/wp\/v2\/posts\/834\/revisions"}],"predecessor-version":[{"id":835,"href":"https:\/\/aranyj.hu\/index.php?rest_route=\/wp\/v2\/posts\/834\/revisions\/835"}],"wp:attachment":[{"href":"https:\/\/aranyj.hu\/index.php?rest_route=%2Fwp%2Fv2%2Fmedia&parent=834"}],"wp:term":[{"taxonomy":"category","embeddable":true,"href":"https:\/\/aranyj.hu\/index.php?rest_route=%2Fwp%2Fv2%2Fcategories&post=834"},{"taxonomy":"post_tag","embeddable":true,"href":"https:\/\/aranyj.hu\/index.php?rest_route=%2Fwp%2Fv2%2Ftags&post=834"}],"curies":[{"name":"wp","href":"https:\/\/api.w.org\/{rel}","templated":true}]}}