{"id":832,"date":"2016-01-05T12:48:23","date_gmt":"2016-01-05T11:48:23","guid":{"rendered":"http:\/\/aranyj.hu\/?p=832"},"modified":"2016-01-05T12:48:23","modified_gmt":"2016-01-05T11:48:23","slug":"karitativ-munka","status":"publish","type":"post","link":"https:\/\/aranyj.hu\/?p=832","title":{"rendered":"Karitat\u00edv munka"},"content":{"rendered":"<h3 class=\"style4 style5\">Karitat\u00edv munka \u201earanyos\u201d di\u00e1koknak<\/h3>\n<p class=\"style3\">Janu\u00e1r v\u00e9g\u00e9n imm\u00e1r negyedik alkalommal t\u00f6lt\u00f6tt el a 11.a, b \u00e9s c oszt\u00e1ly egy-egy hetet a Pet\u0151 Int\u00e9zetben. A seg\u00edt\u0151 munka sor\u00e1n a fiatalok elmond\u00e1suk szerint rengeteget tanultak a r\u00e1juk b\u00edzott gyerekekt\u0151l, akikhez t\u00f6bben a program v\u00e9gezt\u00e9vel is rendszeresen visszaj\u00e1rnak.<br \/>\n2013. janu\u00e1r 14- febru\u00e1r 1. k\u00f6z\u00f6tt a 11.a, b. \u00e9s c. oszt\u00e1lyb\u00f3l 80 tanul\u00f3 v\u00e9gezte a szoci\u00e1lis munk\u00e1t a Nemzetk\u00f6zi Pet\u0151 Int\u00e9zet \u00c1ltal\u00e1nos Iskol\u00e1j\u00e1ban. Az oszt\u00e1lyok 1-1 hetet t\u00f6lt\u00f6ttek ott. 3-4 f\u0151s csoportokban dolgoztak 36 \u00f3r\u00e1s program keret\u00e9ben. A 4 \u00f3r\u00e1s felk\u00e9sz\u00edt\u00e9s ut\u00e1n a 30 \u00f3ra k\u00f6z\u00f6ss\u00e9gi munka az Int\u00e9zetben 8 \u00f3r\u00e1t\u00f3l 14 \u00f3r\u00e1ig vagy 12 \u00f3r\u00e1t\u00f3l 18 \u00f3r\u00e1ig tartott. Az ottani egyeztet\u00e9s szerint ett\u0151l elt\u00e9rhettek. V\u00e9g\u00fcl k\u00e9t \u00f3ra \u00e9rt\u00e9kel\u00e9s \u00e9s \u00e9lm\u00e9nybesz\u00e1mol\u00f3 z\u00e1rta a programot.<br \/>\nA szoci\u00e1lis gyakorlatot megfelel\u0151en el\u0151k\u00e9sz\u00edtett\u00fck, mint a kor\u00e1bbi \u00e9vekben is. A tavaly karitat\u00edv munk\u00e1t v\u00e9gz\u0151 di\u00e1kok mes\u00e9ltek tapasztalataikr\u00f3l az als\u00f3bb \u00e9veseknek, valamint a sz\u00fcl\u0151i \u00e9rtekezleten besz\u00e1moltak a sz\u00fcl\u0151knek. Magyar \u00f3r\u00e1kon irodalmi felk\u00e9sz\u00edt\u00e9s t\u00f6rt\u00e9nt \u00e9s megn\u00e9zt\u00fcnk egy kisfilmet a Pet\u0151 Int\u00e9zetr\u0151l. A sz\u00fcl\u0151i beleegyez\u00e9s \u00e9s t\u00e1mogat\u00e1s ut\u00e1n felvett\u00fck a kapcsolatot az int\u00e9zm\u00e9ny vezet\u0151j\u00e9vel, T\u00f3tfalussy \u00c1kosn\u00e9val. Meg\u00e1llapodtunk a gyerekek teend\u0151ir\u0151l \u00e9s az id\u0151beoszt\u00e1s\u00e1r\u00f3l.<br \/>\nA karitat\u00edv munka sor\u00e1n az \u00f6nk\u00e9ntesek megismerkedhettek az int\u00e9zet mindennapjaival, mik\u00f6zben testk\u00f6zelb\u0151l \u00e9lhett\u00e9k \u00e1t a k\u00fcl\u00f6nb\u00f6z\u0151 korcsoportba tartoz\u00f3 gyerekek probl\u00e9m\u00e1it az 5-6 \u00e9vesekt\u0151l kezdve eg\u00e9szen a 16 \u00e9vesekig. R\u00e9szt vettek a mozg\u00e1s- \u00e9s l\u00e1t\u00e1ss\u00e9r\u00fcltek ell\u00e1t\u00e1s\u00e1ban, seg\u00edtettek az \u00e9tkeztet\u00e9sben, az \u00f6lt\u00f6ztet\u00e9sben. Konduktorok ir\u00e1ny\u00edt\u00e1sa mellett \u00edzel\u00edt\u0151t kaptak a vil\u00e1gh\u00edr\u0171 Pet\u0151-m\u00f3dszerb\u0151l, a mozg\u00e1sfejleszt\u0151 foglalkoz\u00e1sokon a gyakorlatban tanulm\u00e1nyozhatt\u00e1k a speci\u00e1lis seg\u00e9deszk\u00f6z\u00f6k haszn\u00e1lat\u00e1t.<br \/>\nId\u00e9n a gyerekek m\u00e1s k\u00f6z\u00f6ss\u00e9gi szervezetekn\u00e9l is seg\u00edtettek, mint szoci\u00e1lis munk\u00e1s \u00e9s \u00f6nk\u00e9ntes t\u0171zolt\u00f3. Azok a di\u00e1kok, akik nem vettek r\u00e9szt a karitat\u00edv munk\u00e1ban, az iskol\u00e1ban kaptak k\u00f6z\u00f6ss\u00e9gi munk\u00e1t ebben az id\u0151ben.<br \/>\nA di\u00e1kok szerint a r\u00e1juk b\u00edzott gyerekek rengeteget seg\u00edtettek a beilleszked\u00e9sben, az els\u0151 napokban ink\u00e1bb \u0151k b\u00e1tor\u00edtott\u00e1k, tan\u00edtott\u00e1k a karitat\u00edv munk\u00e1ra \u00e9rkez\u0151ket.<\/p>\n<p class=\"style3\"><em>Az int\u00e9zet vezet\u0151je szerint a karitat\u00edv munka j\u00f3 alkalom arra, hogy az \u00e9p gyerekek a m\u00e1ss\u00e1g mellett az \u00e9rt\u00e9keket is \u00e9szrevegy\u00e9k beteg, vagy valamilyen fogyat\u00e9kkal \u00e9l\u0151 t\u00e1rsaikban. \u201eArra t\u00f6reksz\u00fcnk, hogy a most feln\u00f6v\u0151 koroszt\u00e1lyok ne sajn\u00e1lattal forduljanak a s\u00e9r\u00fclt emberek fel\u00e9, hanem egyenrang\u00fa f\u00e9lk\u00e9nt kezelj\u00e9k \u0151ket. <\/em><\/p>\n<p>Asz\u00f3di Judit igazgat\u00f3helyettes<\/p>\n<p class=\"style4\">Tanul\u00f3i besz\u00e1mol\u00f3k:<\/p>\n<p class=\"style3\"><a href=\"http:\/\/aranyj.hu\/wp-content\/uploads\/2016\/01\/nyerges_mikl%C3%B3s_11.pdf\" target=\"_blank\">Nyerges Mikl\u00f3s 11.a<\/a><\/p>\n<p class=\"style3\"><a href=\"http:\/\/aranyj.hu\/wp-content\/uploads\/2016\/01\/pick_barbara_11-b.pdf\" target=\"_blank\">Pick Barbara 11.b<\/a><\/p>\n<p class=\"style3\"><a href=\"http:\/\/aranyj.hu\/wp-content\/uploads\/2016\/01\/teremy_krist%C3%B3f_11.pdf\" target=\"_blank\">Teremy Krist\u00f3f 11.c<\/a><\/p>\n","protected":false},"excerpt":{"rendered":"<p>Karitat\u00edv munka \u201earanyos\u201d di\u00e1koknak Janu\u00e1r v\u00e9g\u00e9n imm\u00e1r negyedik alkalommal t\u00f6lt\u00f6tt el a 11.a, b \u00e9s c oszt\u00e1ly egy-egy hetet a Pet\u0151 Int\u00e9zetben. A seg\u00edt\u0151 munka sor\u00e1n a fiatalok elmond\u00e1suk szerint rengeteget tanultak a r\u00e1juk b\u00edzott gyerekekt\u0151l, akikhez t\u00f6bben a program v\u00e9gezt\u00e9vel is rendszeresen visszaj\u00e1rnak. 2013. janu\u00e1r 14- febru\u00e1r 1. k\u00f6z\u00f6tt a 11.a, b. \u00e9s c. [&hellip;]<\/p>\n","protected":false},"author":1,"featured_media":0,"comment_status":"open","ping_status":"open","sticky":false,"template":"","format":"standard","meta":[],"categories":[5],"tags":[],"_links":{"self":[{"href":"https:\/\/aranyj.hu\/index.php?rest_route=\/wp\/v2\/posts\/832"}],"collection":[{"href":"https:\/\/aranyj.hu\/index.php?rest_route=\/wp\/v2\/posts"}],"about":[{"href":"https:\/\/aranyj.hu\/index.php?rest_route=\/wp\/v2\/types\/post"}],"author":[{"embeddable":true,"href":"https:\/\/aranyj.hu\/index.php?rest_route=\/wp\/v2\/users\/1"}],"replies":[{"embeddable":true,"href":"https:\/\/aranyj.hu\/index.php?rest_route=%2Fwp%2Fv2%2Fcomments&post=832"}],"version-history":[{"count":1,"href":"https:\/\/aranyj.hu\/index.php?rest_route=\/wp\/v2\/posts\/832\/revisions"}],"predecessor-version":[{"id":833,"href":"https:\/\/aranyj.hu\/index.php?rest_route=\/wp\/v2\/posts\/832\/revisions\/833"}],"wp:attachment":[{"href":"https:\/\/aranyj.hu\/index.php?rest_route=%2Fwp%2Fv2%2Fmedia&parent=832"}],"wp:term":[{"taxonomy":"category","embeddable":true,"href":"https:\/\/aranyj.hu\/index.php?rest_route=%2Fwp%2Fv2%2Fcategories&post=832"},{"taxonomy":"post_tag","embeddable":true,"href":"https:\/\/aranyj.hu\/index.php?rest_route=%2Fwp%2Fv2%2Ftags&post=832"}],"curies":[{"name":"wp","href":"https:\/\/api.w.org\/{rel}","templated":true}]}}