{"id":694,"date":"2016-01-05T08:41:17","date_gmt":"2016-01-05T07:41:17","guid":{"rendered":"http:\/\/aranyj.hu\/?p=694"},"modified":"2016-01-05T09:56:22","modified_gmt":"2016-01-05T08:56:22","slug":"colourschool","status":"publish","type":"post","link":"https:\/\/aranyj.hu\/?p=694","title":{"rendered":"ColourSchool"},"content":{"rendered":"<p><img decoding=\"async\" loading=\"lazy\" class=\"alignleft\" src=\"http:\/\/aranyj.hu\/wp-content\/uploads\/2016\/01\/14_b.jpg\" alt=\"\" width=\"418\" height=\"278\" \/><br \/>\nK\u00f6z\u00e9piskol\u00e1soknak sz\u00f3l\u00f3 filmes beavat\u00f3program a bev\u00e1ndorl\u00f3kr\u00f3l<\/p>\n<p>Iskol\u00e1nk 10.c oszt\u00e1ly\u00e1nak di\u00e1kjai a 2012-2013-as tan\u00e9vben r\u00e9szt vettek az Europai Uni\u00f3 Integr\u00e1ci\u00f3s Alapj\u00e1nak t\u00e1mogat\u00e1s\u00e1val l\u00e9trej\u00f6tt Odeon ColourSchool nevezet\u0171 programj\u00e1n, mely k\u00f6z\u00e9piskol\u00e1soknak sz\u00f3l\u00f3 filmes beavat\u00f3program. Az orsz\u00e1g n\u00e9gy nagyv\u00e1rosa-Budapest, Debrecen,Miskolc, Ny\u00edregyh\u00e1za- 11 k\u00f6z\u00e9piskol\u00e1j\u00e1nak 9. \u00e9s 10. \u00e9vfolyamos di\u00e1kjainak ismereteit b\u0151v\u00edtette a program a bev\u00e1ndorl\u00e1ssal kapcsolatban, n\u00f6velte szoci\u00e1lis \u00e9rz\u00e9kenys\u00e9g\u00e9t, t\u00e1rsadalmi tudatoss\u00e1g\u00e1t \u00e9s nyitotts\u00e1g\u00e1t.<br \/>\nA programon a 2013-14-es tan\u00e9vben a 9.d \u00e9s a 12.c oszt\u00e1ly vesz r\u00e9szt.<\/p>\n<p>&nbsp;<\/p>\n<p><a href=\"http:\/\/aranyj.hu\/wp-content\/uploads\/2016\/01\/odeon_colourschool_kiadvany.pdf\" target=\"_blank\">Projektz\u00e1r\u00f3 kiadv\u00e1ny &gt;&gt;&gt;<\/a><\/p>\n<p><a href=\"http:\/\/aranyj.hu\/wp-content\/uploads\/2016\/01\/colourschool_hatastanulmany.pdf\" target=\"_blank\">Hat\u00e1stanulm\u00e1ny &gt;&gt;&gt;<\/a><\/p>\n","protected":false},"excerpt":{"rendered":"<p>K\u00f6z\u00e9piskol\u00e1soknak sz\u00f3l\u00f3 filmes beavat\u00f3program a bev\u00e1ndorl\u00f3kr\u00f3l Iskol\u00e1nk 10.c oszt\u00e1ly\u00e1nak di\u00e1kjai a 2012-2013-as tan\u00e9vben r\u00e9szt vettek az Europai Uni\u00f3 Integr\u00e1ci\u00f3s Alapj\u00e1nak t\u00e1mogat\u00e1s\u00e1val l\u00e9trej\u00f6tt Odeon ColourSchool nevezet\u0171 programj\u00e1n, mely k\u00f6z\u00e9piskol\u00e1soknak sz\u00f3l\u00f3 filmes beavat\u00f3program. Az orsz\u00e1g n\u00e9gy nagyv\u00e1rosa-Budapest, Debrecen,Miskolc, Ny\u00edregyh\u00e1za- 11 k\u00f6z\u00e9piskol\u00e1j\u00e1nak 9. \u00e9s 10. \u00e9vfolyamos di\u00e1kjainak ismereteit b\u0151v\u00edtette a program a bev\u00e1ndorl\u00e1ssal kapcsolatban, n\u00f6velte szoci\u00e1lis \u00e9rz\u00e9kenys\u00e9g\u00e9t, t\u00e1rsadalmi [&hellip;]<\/p>\n","protected":false},"author":1,"featured_media":0,"comment_status":"open","ping_status":"open","sticky":false,"template":"","format":"standard","meta":[],"categories":[5],"tags":[],"_links":{"self":[{"href":"https:\/\/aranyj.hu\/index.php?rest_route=\/wp\/v2\/posts\/694"}],"collection":[{"href":"https:\/\/aranyj.hu\/index.php?rest_route=\/wp\/v2\/posts"}],"about":[{"href":"https:\/\/aranyj.hu\/index.php?rest_route=\/wp\/v2\/types\/post"}],"author":[{"embeddable":true,"href":"https:\/\/aranyj.hu\/index.php?rest_route=\/wp\/v2\/users\/1"}],"replies":[{"embeddable":true,"href":"https:\/\/aranyj.hu\/index.php?rest_route=%2Fwp%2Fv2%2Fcomments&post=694"}],"version-history":[{"count":4,"href":"https:\/\/aranyj.hu\/index.php?rest_route=\/wp\/v2\/posts\/694\/revisions"}],"predecessor-version":[{"id":827,"href":"https:\/\/aranyj.hu\/index.php?rest_route=\/wp\/v2\/posts\/694\/revisions\/827"}],"wp:attachment":[{"href":"https:\/\/aranyj.hu\/index.php?rest_route=%2Fwp%2Fv2%2Fmedia&parent=694"}],"wp:term":[{"taxonomy":"category","embeddable":true,"href":"https:\/\/aranyj.hu\/index.php?rest_route=%2Fwp%2Fv2%2Fcategories&post=694"},{"taxonomy":"post_tag","embeddable":true,"href":"https:\/\/aranyj.hu\/index.php?rest_route=%2Fwp%2Fv2%2Ftags&post=694"}],"curies":[{"name":"wp","href":"https:\/\/api.w.org\/{rel}","templated":true}]}}