{"id":683,"date":"2016-01-04T19:26:44","date_gmt":"2016-01-04T18:26:44","guid":{"rendered":"http:\/\/aranyj.hu\/?p=683"},"modified":"2016-01-05T08:35:38","modified_gmt":"2016-01-05T07:35:38","slug":"hatartalanul-palyazat","status":"publish","type":"post","link":"https:\/\/aranyj.hu\/?p=683","title":{"rendered":"Hat\u00e1rtalanul p\u00e1ly\u00e1zat"},"content":{"rendered":"<p><img decoding=\"async\" loading=\"lazy\" class=\"alignleft\" src=\"http:\/\/aranyj.hu\/wp-content\/uploads\/2016\/01\/19_b.jpg\" alt=\"\" width=\"318\" height=\"249\" \/><\/p>\n<p class=\"style3\">A Bethlen G\u00e1bor Alapkezel\u0151 Zrt. p\u00e1ly\u00e1zat\u00e1nak m\u00e1sodik utaz\u00e1sa alkalm\u00e1val 22 \u201earanyos\u201d di\u00e1k \u00e9s 3 tan\u00e1r \/Bali Dorottya, T\u00f3th Kinga \u00e9s Asz\u00f3di Judit\/ l\u00e1togatott Aradra m\u00e1jus 21-24-ig. J\u00f3 hangulatban t\u00f6lt\u00f6tt\u00fck ezeket a napokat, hiszen bar\u00e1tokkal voltunk. A p\u00e1ly\u00e1zat megval\u00f3sul\u00e1s\u00e1nak m\u00e1sodik utaz\u00e1sa alkalm\u00e1val \u00fatinapl\u00f3t hoztak l\u00e9tre az \u201earanyos\u201e \u00e9s az aradi di\u00e1kok, amit az \u00e9rt\u00e9kel\u0151 foglalkoz\u00e1sokon mutatunk be iskol\u00e1nkban \u00e9s a Pet\u0151 Int\u00e9zetben.<\/p>\n<p class=\"style3\"><a href=\"http:\/\/www.hatartalanul.eu\/\" target=\"_blank\">Hat\u00e1rtalanul.eu &gt;&gt;&gt;<\/a><\/p>\n<p class=\"style3\"><a href=\"http:\/\/aranyifjak.webnode.hu\/\" target=\"_blank\">Iskol\u00e1nk p\u00e1ly\u00e1zati honlapja &gt;&gt;&gt;<\/a><\/p>\n<p class=\"style3\"><!--more--><\/p>\n<p class=\"style3\"><strong>M\u00c1SODIK P\u00c1LY\u00c1ZATI TAL\u00c1LKOZ\u00d3:<\/strong> az Arany J\u00e1nos \u00c1ltal\u00e1nos Iskola \u00e9s Gimn\u00e1zium k\u00fcld\u00f6tts\u00e9g\u00e9nek l\u00e1togat\u00e1sa Aradon, Vil\u00e1goson, M\u00e1cs\u00e1n.<\/p>\n<p class=\"style3\"><strong>A TEV\u00c9KENYS\u00c9G PROGRAMJA: 2013. M\u00c1JUS 21-24.<\/strong><\/p>\n<p class=\"style3\"><strong>M\u00e1jus 21. (kedd)<\/strong><br \/>\n\u00c9rkez\u00e9s, eb\u00e9d: 15:00<\/p>\n<div>\n<ul class=\"style3\">\n<li><strong>17:00 \u00f3ra:<\/strong><\/li>\n<li>A fogad\u00f3 iskola \u00e1tfog\u00f3 bemutat\u00e1sa (az aradi di\u00e1kcsoport tagjai)<\/li>\n<li>M\u0171helymunka<strong> (<\/strong>tan\u00e1ri ir\u00e1ny\u00edt\u00e1ssal) a r\u00e9sztvev\u0151k el\u0151zetes ismereteinek feldolgoz\u00e1sa, rendszerez\u00e9se (Arad t\u00f6rt\u00e9nelmi m\u00faltj\u00e1r\u00f3l \u00e9s szerep\u00e9r\u0151l az 1848-49-es forradalomban \u00e9s szabads\u00e1gharcban)<\/li>\n<li><strong>18:00 \u00f3ra <\/strong>\u2013 V\u00e1rosn\u00e9z\u0151 s\u00e9ta: a t\u00f6rt\u00e9nelmi belv\u00e1ros, irodalmi \u00e9s kultur\u00e1lis nevezetess\u00e9gek, a Szabads\u00e1g-szobor\u00a0 (Olasz Ang\u00e9la, Lehoczky Attila t\u00f6rt\u00e9nelemtan\u00e1rok idegenvezet\u00e9s\u00e9vel)<\/li>\n<\/ul>\n<\/div>\n<p class=\"style3\">Vacsora: 20:00-20:30<\/p>\n<p class=\"style3\"><strong>M\u00e1jus 22. (szerda)<\/strong><\/p>\n<div>\n<ul class=\"style3\">\n<li><strong>9:00-14:00<\/strong>: Kir\u00e1ndul\u00e1s Vil\u00e1gosra: a fegyverlet\u00e9tel helysz\u00edne, a Bohus-kast\u00e9ly (anyaggy\u0171jt\u00e9s a napl\u00f3hoz, aradi di\u00e1kok, tan\u00e1rok az el\u0151ad\u00f3k)<\/li>\n<li>Eb\u00e9dsz\u00fcnet: 14:00-16:00<\/li>\n<li><strong>16:00-19:30<\/strong><\/li>\n<li>A gy\u0171jt\u00f6tt anyag rendszerez\u00e9se, megbesz\u00e9l\u00e9se, feldolgoz\u00e1sa<\/li>\n<li>T\u00e1nch\u00e1z<\/li>\n<li>Vacsora: 19:30-20:30<\/li>\n<\/ul>\n<\/div>\n<p class=\"style3\"><strong>M\u00e1jus 23. (cs\u00fct\u00f6rt\u00f6k)<\/strong><\/p>\n<div>\n<ul class=\"style3\">\n<li><strong>9:00-14:00<\/strong><\/li>\n<li>Koszor\u00faz\u00e1s a veszt\u0151helyen.<\/li>\n<li>Kir\u00e1ndul\u00e1s M\u00e1cs\u00e1ra: Csernovics-kast\u00e9ly, Damjanich J\u00e1nos \u00e9s Lahner Gy\u00f6rgy s\u00edreml\u00e9ke<\/li>\n<li>Eb\u00e9dsz\u00fcnet: 14:00-16:00<\/li>\n<li><strong>16:00-19:30<\/strong><\/li>\n<li>A csoport: <strong>Dr\u00e1maj\u00e1t\u00e9k-m\u0171hely (<\/strong>Varga G\u00e1bor\u00a0<em>T\u00e1bornokok<\/em> c\u00edm\u0171 dr\u00e1m\u00e1j\u00e1nak dr\u00e1maj\u00e1t\u00e9kos feldolgoz\u00e1sa Ruzsa Ildik\u00f3 vezet\u00e9s\u00e9vel) \u2013 15 r\u00e9sztvev\u0151<\/li>\n<li>B csoport: az aradi v\u00e1r makettj\u00e9nek elk\u00e9sz\u00edt\u00e9se (Muntean Tibor vezet\u00e9s\u00e9vel) \u2013 7 r\u00e9sztvev\u0151<\/li>\n<li>C csoport: Power Point bemutat\u00f3 k\u00e9sz\u00edt\u00e9se: Arad \u00e9s nevezetess\u00e9gei (Ilona J\u00e1nos vezet\u00e9s\u00e9vel) \u2013 7 r\u00e9sztvev\u0151<\/li>\n<li>D csoport: <strong>a napl\u00f3 v\u00e9gleges v\u00e1ltozat\u00e1<\/strong>nak elk\u00e9sz\u00edt\u00e9se, a napl\u00f3 bemutat\u00e1s\u00e1nak megbesz\u00e9l\u00e9se (Asz\u00f3di Judit vezet\u00e9s\u00e9vel) \u2013 15 r\u00e9sztvev\u0151<\/li>\n<li>Vacsora: 19:30-20:30<\/li>\n<\/ul>\n<\/div>\n<p class=\"style3\"><strong>M\u00e1jus 24. (p\u00e9ntek)<\/strong><\/p>\n<div>\n<ul class=\"style3\">\n<li><strong>9:00 \u00f3ra<\/strong><\/li>\n<li>A napl\u00f3 bemutat\u00e1sa (a k\u00e9t iskola di\u00e1kjai k\u00f6z\u00f6sen) a Csiky Gergely F\u0151gimn\u00e1zium 9-10-es \u00e9vfolyam\u00e1nak di\u00e1kjai \u00e9s tan\u00e1rai el\u0151tt (T\u00f3th \u00c1rp\u00e1d terem)<\/li>\n<li>A vend\u00e9gl\u00e1t\u00f3k r\u00f6vid \u00fcnnepi b\u00facs\u00fam\u0171sora a budapesti vend\u00e9geknek.<\/li>\n<li>Eb\u00e9d, a vend\u00e9gek elutaz\u00e1sa<\/li>\n<\/ul>\n<\/div>\n<p class=\"style3\">Az al\u00e1bbi linken a Duna Tv-Erd\u00e9lyi Tv felv\u00e9tel\u00e9t lehet megtekinteni, valamint a Kossuth r\u00e1di\u00f3 felv\u00e9tel\u00e9t lehet meghallgatni.<\/p>\n<p class=\"style3\"><a href=\"http:\/\/www.erdely.tv\/hirek\/mai-marciusi-ifjak\" target=\"_blank\">http:\/\/www.erdely.tv\/hirek\/mai-marciusi-ifjak<\/a><\/p>\n<p class=\"style3\"><a href=\"http:\/\/www.aradihirek.ro\/2013\/05\/25\/mai-marciusi-ifjak-budapesti-diakok-viszonoztak-aradi-tarsaik-latogatasat-audio.html\" target=\"_blank\">http:\/\/www.aradihirek.ro\/2013\/05\/25\/mai-marciusi-ifjak-budapesti-diakok-viszonoztak-aradi-tarsaik-latogatasat-audio.html<\/a><\/p>\n<p class=\"style3\"><strong>\u201eMagyarorsz\u00e1g az egyetlen orsz\u00e1g a vil\u00e1gon, amelyet\u00a0 \u00f6nmaga<\/strong><br \/>\n<strong>vesz k\u00f6r\u00fcl.\u201d<\/strong><\/p>\n<p class=\"style3\">A Bethlen G\u00e1bor Alapkezel\u0151 Zrt. BGA-12-HA-03 sz.\u00a0<em>Egy\u00fcttm\u0171k\u00f6d\u00e9s gimn\u00e1ziumok k\u00f6z\u00f6tt<\/em> c\u00edm\u0171 p\u00e1ly\u00e1zati felh\u00edv\u00e1s\u00e1ra beny\u00fajtott\u00a0<em>Mai M\u00e1rciusi Ifjak<\/em> c\u00edm\u0171 p\u00e1ly\u00e1zatot a Bethlen G\u00e1bor Alap Bizotts\u00e1ga a 41\/2012. (VII.13.) sz\u00e1m\u00fa Bizotts\u00e1gi Hat\u00e1rozat alapj\u00e1n 1 220 000 forint \u00f6sszeg\u0171 t\u00e1mogat\u00e1sban r\u00e9szes\u00edtette.<\/p>\n<p class=\"style3\">A p\u00e1ly\u00e1zat c\u00e9lja a hat\u00e1ron t\u00fali, magyars\u00e1ggal kapcsolatos ismeretek b\u0151v\u00fcl\u00e9se, a magyarorsz\u00e1gi \u00e9s k\u00fclhoni fiatalok k\u00f6z\u00f6tti kapcsolatok kialakul\u00e1sa, szem\u00e9lyes tal\u00e1lkoz\u00f3k, valamint a di\u00e1kok k\u00f6z\u00f6ss\u00e9gi szerepv\u00e1llal\u00e1s\u00e1nak el\u0151seg\u00edt\u00e9se.<\/p>\n<p class=\"style3\">Iskol\u00e1nk 9. \u00e9vfolyam\u00e1nak 22 tanul\u00f3ja a h\u00e1rom oszt\u00e1lyf\u0151n\u00f6k \/Koudela Judit, R\u00e9dei Edina \u00e9s T\u00f3th Kinga\/ ir\u00e1ny\u00edt\u00e1s\u00e1val vesznek r\u00e9szt ebben a projektben. Partneriskol\u00e1nk, az aradi Csiky Gergely F\u0151gimn\u00e1zium 22 di\u00e1kj\u00e1val dolgozunk egy\u00fctt. Oszt\u00e1lyf\u0151n\u00f6keik koordin\u00e1l\u00e1s\u00e1val v\u00e9gzik \u0150k is a kit\u0171z\u00f6tt feladatokat.<\/p>\n<p class=\"style3\">A projekt h\u00e1rom f\u0151 r\u00e9szb\u0151l \u00e1ll.<br \/>\n1. Az egy\u00fcttm\u0171k\u00f6d\u00e9s el\u0151k\u00e9sz\u00edt\u0151 szakasza a projekt kezdet\u00e9n, az els\u0151 utaz\u00e1s el\u0151tt Budapesten ker\u00fcl lebonyol\u00edt\u00e1sra. Az el\u0151k\u00e9sz\u00edt\u0151 szakasz k\u00f6telez\u0151, valamint fakultat\u00edvan v\u00e1llalhat\u00f3 tev\u00e9kenys\u00e9geket tartalmaz. Ennek r\u00e9szek\u00e9nt on-line vet\u00e9lked\u0151t rendez\u00fcnk, amibe bevonjuk az aradi tanul\u00f3kat is.<\/p>\n<p class=\"style3\">2. Az egy\u00fcttm\u0171k\u00f6d\u00e9s lebonyol\u00edt\u00e1sa k\u00e9t helysz\u00ednen t\u00f6rt\u00e9nik. Az a di\u00e1kok feladata, hogy szellemi \u00e9s\/vagy t\u00e1rgyi eml\u00e9ket hozzanak l\u00e9tre k\u00f6z\u00f6sen. \u00a0Budapesten m\u00e1rcius 11-14-ig \u00e9s Aradon m\u00e1jus 21-24-ig. Budapesten a 44 tanul\u00f3 elk\u00e9sz\u00edti a m\u00e1rcius 15-i m\u0171sort, amit el\u0151adnak az iskol\u00e1ban \u00e9s a Pet\u0151 Int\u00e9zetben. Aradon \u00e9s k\u00f6rny\u00e9k\u00e9n a di\u00e1kok ell\u00e1togatnak a 1848-49-es eml\u00e9khelyekre \u00e9s napl\u00f3t k\u00e9sz\u00edtenek.<\/p>\n<p class=\"style3\">3. Az \u00e9rt\u00e9kel\u0151 szakasz a m\u00e1sodik utaz\u00e1sr\u00f3l val\u00f3 haza\u00e9rkez\u00e9st k\u00f6vet\u0151en, Magyarorsz\u00e1gon ker\u00fcl lebonyol\u00edt\u00e1sra. Az \u00e9rt\u00e9kel\u00e9s c\u00e9lja a t\u00f6rt\u00e9ntek \u00e1ttekint\u00e9se, a tanuls\u00e1gok levon\u00e1sa, az eredm\u00e9nyek megfogalmaz\u00e1sa, a k\u00fclhoni magyars\u00e1ghoz kapcsol\u00f3d\u00f3 ismeretek, az egy\u00fcttm\u0171k\u00f6d\u00e9s sor\u00e1n szerzett tapasztalatok iskolai keretek k\u00f6z\u00f6tt t\u00f6rt\u00e9n\u0151 megjelen\u00edt\u00e9se.<\/p>\n<p class=\"style3\">A kommunik\u00e1ci\u00f3s tev\u00e9kenys\u00e9gek r\u00e9v\u00e9n\u00a0 a nagyk\u00f6z\u00f6ns\u00e9get megismertetj\u00fck p\u00e1ly\u00e1zatunk elemeivel!<\/p>\n<p class=\"style3\">A tev\u00e9kenys\u00e9geinkr\u0151l napl\u00f3t vezet\u00fcnk, ami el\u00e9rhet\u0151 az iskola honlapj\u00e1r\u00f3l is.<br \/>\nFot\u00f3-,vide\u00f3 dokument\u00e1ci\u00f3val tessz\u00fck \u00e9rdekess\u00e9 a besz\u00e1mol\u00f3t!<\/p>\n<p class=\"style3\">Asz\u00f3di Judit igazgat\u00f3helyettes<br \/>\nprojektvezet\u0151<\/p>\n","protected":false},"excerpt":{"rendered":"<p>A Bethlen G\u00e1bor Alapkezel\u0151 Zrt. p\u00e1ly\u00e1zat\u00e1nak m\u00e1sodik utaz\u00e1sa alkalm\u00e1val 22 \u201earanyos\u201d di\u00e1k \u00e9s 3 tan\u00e1r \/Bali Dorottya, T\u00f3th Kinga \u00e9s Asz\u00f3di Judit\/ l\u00e1togatott Aradra m\u00e1jus 21-24-ig. J\u00f3 hangulatban t\u00f6lt\u00f6tt\u00fck ezeket a napokat, hiszen bar\u00e1tokkal voltunk. A p\u00e1ly\u00e1zat megval\u00f3sul\u00e1s\u00e1nak m\u00e1sodik utaz\u00e1sa alkalm\u00e1val \u00fatinapl\u00f3t hoztak l\u00e9tre az \u201earanyos\u201e \u00e9s az aradi di\u00e1kok, amit az \u00e9rt\u00e9kel\u0151 foglalkoz\u00e1sokon mutatunk [&hellip;]<\/p>\n","protected":false},"author":1,"featured_media":0,"comment_status":"open","ping_status":"open","sticky":false,"template":"","format":"standard","meta":[],"categories":[5],"tags":[],"_links":{"self":[{"href":"https:\/\/aranyj.hu\/index.php?rest_route=\/wp\/v2\/posts\/683"}],"collection":[{"href":"https:\/\/aranyj.hu\/index.php?rest_route=\/wp\/v2\/posts"}],"about":[{"href":"https:\/\/aranyj.hu\/index.php?rest_route=\/wp\/v2\/types\/post"}],"author":[{"embeddable":true,"href":"https:\/\/aranyj.hu\/index.php?rest_route=\/wp\/v2\/users\/1"}],"replies":[{"embeddable":true,"href":"https:\/\/aranyj.hu\/index.php?rest_route=%2Fwp%2Fv2%2Fcomments&post=683"}],"version-history":[{"count":5,"href":"https:\/\/aranyj.hu\/index.php?rest_route=\/wp\/v2\/posts\/683\/revisions"}],"predecessor-version":[{"id":688,"href":"https:\/\/aranyj.hu\/index.php?rest_route=\/wp\/v2\/posts\/683\/revisions\/688"}],"wp:attachment":[{"href":"https:\/\/aranyj.hu\/index.php?rest_route=%2Fwp%2Fv2%2Fmedia&parent=683"}],"wp:term":[{"taxonomy":"category","embeddable":true,"href":"https:\/\/aranyj.hu\/index.php?rest_route=%2Fwp%2Fv2%2Fcategories&post=683"},{"taxonomy":"post_tag","embeddable":true,"href":"https:\/\/aranyj.hu\/index.php?rest_route=%2Fwp%2Fv2%2Ftags&post=683"}],"curies":[{"name":"wp","href":"https:\/\/api.w.org\/{rel}","templated":true}]}}