{"id":10074,"date":"2026-04-01T12:55:26","date_gmt":"2026-04-01T10:55:26","guid":{"rendered":"https:\/\/aranyj.hu\/?p=10074"},"modified":"2026-04-01T18:24:47","modified_gmt":"2026-04-01T16:24:47","slug":"tanulmanyok-alatti-vizsgak-2026-aprilis-15-22","status":"publish","type":"post","link":"https:\/\/aranyj.hu\/?p=10074","title":{"rendered":"Tanulm\u00e1nyok alatti vizsg\u00e1k 2026. \u00e1prilis 15-22."},"content":{"rendered":"<p>Kedves Sz\u00fcl\u0151k \u00e9s Di\u00e1kok!<\/p>\n<p>&nbsp;<\/p>\n<p>\u00c1prilisban tartjuk az oszt\u00e1lyoz\u00f3vizsg\u00e1kat\u00a0a v\u00e9gz\u0151s egy\u00e9ni munkarend szerint tanul\u00f3 di\u00e1kjainknak, illetve a hi\u00e1nyz\u00e1s miatt nem oszt\u00e1lyozhat\u00f3 tanul\u00f3kat. Szint\u00e9n vizsg\u00e1znak azok a 10-11. \u00e9vfolyamos tanul\u00f3k is, akik el\u0151rehozott \u00e9retts\u00e9gi vizsg\u00e1t tesznek a m\u00e1jus-j\u00faniusi vizsgaid\u0151szakban!<\/p>\n<p>Ennek felt\u00e9tele a\u00a0<a href=\"http:\/\/aranyj.hu\/wp-content\/uploads\/2026\/03\/JELENTKEZESI-LAP_Osztalyozovizsgara-2026.pdf\"><strong>jelentkez\u00e9si lap<\/strong><\/a>\u00a0pontos kit\u00f6lt\u00e9se, al\u00e1\u00edrat\u00e1sa-al\u00e1\u00edr\u00e1sa.<\/p>\n<p>Lead\u00e1si hat\u00e1rid\u0151:\u00a0<strong>2026. m\u00e1rcius 20.<\/strong><\/p>\n<p><a href=\"http:\/\/aranyj.hu\/wp-content\/uploads\/2026\/03\/Elorehozott-erettsegizok.pdf\">El\u0151rehozott \u00e9retts\u00e9giz\u0151k<\/a><\/p>\n<p><a href=\"http:\/\/aranyj.hu\/wp-content\/uploads\/2026\/03\/kulonbozeti-hianyzas-egyeni-munkarend-szerint-vizsgazok.pdf\">k\u00fcl\u00f6nb\u00f6zeti, hi\u00e1nyz\u00e1s, egy\u00e9ni munkarend szerint vizsg\u00e1z\u00f3k<\/a><\/p>\n<p>J\u00f3 tanul\u00e1st k\u00edv\u00e1nok: Asz\u00f3di Judit f\u0151igazgat\u00f3-helyettes<\/p>\n","protected":false},"excerpt":{"rendered":"<p>Kedves Sz\u00fcl\u0151k \u00e9s Di\u00e1kok! &nbsp; \u00c1prilisban tartjuk az oszt\u00e1lyoz\u00f3vizsg\u00e1kat\u00a0a v\u00e9gz\u0151s egy\u00e9ni munkarend szerint tanul\u00f3 di\u00e1kjainknak, illetve a hi\u00e1nyz\u00e1s miatt nem oszt\u00e1lyozhat\u00f3 tanul\u00f3kat. Szint\u00e9n vizsg\u00e1znak azok a 10-11. \u00e9vfolyamos tanul\u00f3k is, akik el\u0151rehozott \u00e9retts\u00e9gi vizsg\u00e1t tesznek a m\u00e1jus-j\u00faniusi vizsgaid\u0151szakban! Ennek felt\u00e9tele a\u00a0jelentkez\u00e9si lap\u00a0pontos kit\u00f6lt\u00e9se, al\u00e1\u00edrat\u00e1sa-al\u00e1\u00edr\u00e1sa. Lead\u00e1si hat\u00e1rid\u0151:\u00a02026. m\u00e1rcius 20. El\u0151rehozott \u00e9retts\u00e9giz\u0151k k\u00fcl\u00f6nb\u00f6zeti, hi\u00e1nyz\u00e1s, egy\u00e9ni munkarend szerint [&hellip;]<\/p>\n","protected":false},"author":1,"featured_media":0,"comment_status":"closed","ping_status":"closed","sticky":true,"template":"","format":"standard","meta":[],"categories":[1],"tags":[],"_links":{"self":[{"href":"https:\/\/aranyj.hu\/index.php?rest_route=\/wp\/v2\/posts\/10074"}],"collection":[{"href":"https:\/\/aranyj.hu\/index.php?rest_route=\/wp\/v2\/posts"}],"about":[{"href":"https:\/\/aranyj.hu\/index.php?rest_route=\/wp\/v2\/types\/post"}],"author":[{"embeddable":true,"href":"https:\/\/aranyj.hu\/index.php?rest_route=\/wp\/v2\/users\/1"}],"replies":[{"embeddable":true,"href":"https:\/\/aranyj.hu\/index.php?rest_route=%2Fwp%2Fv2%2Fcomments&post=10074"}],"version-history":[{"count":4,"href":"https:\/\/aranyj.hu\/index.php?rest_route=\/wp\/v2\/posts\/10074\/revisions"}],"predecessor-version":[{"id":10137,"href":"https:\/\/aranyj.hu\/index.php?rest_route=\/wp\/v2\/posts\/10074\/revisions\/10137"}],"wp:attachment":[{"href":"https:\/\/aranyj.hu\/index.php?rest_route=%2Fwp%2Fv2%2Fmedia&parent=10074"}],"wp:term":[{"taxonomy":"category","embeddable":true,"href":"https:\/\/aranyj.hu\/index.php?rest_route=%2Fwp%2Fv2%2Fcategories&post=10074"},{"taxonomy":"post_tag","embeddable":true,"href":"https:\/\/aranyj.hu\/index.php?rest_route=%2Fwp%2Fv2%2Ftags&post=10074"}],"curies":[{"name":"wp","href":"https:\/\/api.w.org\/{rel}","templated":true}]}}